{"id":724,"__str__":"Parecer - Comiss\u00e3o de Servi\u00e7os P\u00fablicos de 05/12/2016 por VEREADOR RAFAEL DE ALMEIDA JAC\u00d3","link_detail_backend":"/materia/documentoacessorio/724","metadata":{},"nome":"Comiss\u00e3o de Servi\u00e7os P\u00fablicos","data":"2016-12-05","autor":"VEREADOR RAFAEL DE ALMEIDA JAC\u00d3","ementa":"PARECER ORAL PELA LEGALIDADE DA CSP AO PDL N.\u00ba 12, DE 2016\r\nRELATOR: VEREADOR DANIEL ALVES MIRANDA.","indexacao":"","arquivo":null,"data_ultima_atualizacao":"2019-10-29T08:36:32.913129-03:00","materia":382,"tipo":4}