{"id":7080,"__str__":"Autoria: Rafael de Almeida Jac\u00f3 - Mo\u00e7\u00e3o n\u00ba 21 de 2026","link_detail_backend":"/materia/autoria/7080","metadata":{},"primeiro_autor":true,"autor":118,"materia":5610}